{"id":1327,"date":"2019-11-05T18:16:18","date_gmt":"2019-11-05T17:16:18","guid":{"rendered":"http:\/\/www.andelskahorauchrastavy.cz\/?p=1327"},"modified":"2019-11-05T18:16:37","modified_gmt":"2019-11-05T17:16:37","slug":"osadni-vybor-ma-opet-5-clenu","status":"publish","type":"post","link":"http:\/\/www.andelskahorauchrastavy.cz\/index.php\/2019\/11\/05\/osadni-vybor-ma-opet-5-clenu\/","title":{"rendered":"Osadn\u00ed v\u00fdbor m\u00e1 op\u011bt 5 \u010dlen\u016f."},"content":{"rendered":"<p>Dne 21. 10. 2019 schv\u00e1lilo zastupitelstvo m\u011bsta Chrastava odstoupen\u00ed pana Karla Piterky a pan\u00ed Zuzany Hoda\u0148ov\u00e9. Na z\u00e1klad\u011b t\u00e9to skute\u010dnosti odsouhlasilo zastupitelstvo m\u011bsta sn\u00ed\u017een\u00ed po\u010dtu \u010dlen\u016f osadn\u00edho v\u00fdboru And\u011blsk\u00e1 Hora op\u011bt na 5 \u010dlen\u016f. D\u00edky za odvedenou pr\u00e1ci.<\/p>\n","protected":false},"excerpt":{"rendered":"<p>Dne 21. 10. 2019 schv\u00e1lilo zastupitelstvo m\u011bsta Chrastava odstoupen\u00ed pana Karla Piterky a pan\u00ed Zuzany Hoda\u0148ov\u00e9. Na z\u00e1klad\u011b t\u00e9to skute\u010dnosti [&hellip;]<\/p>\n","protected":false},"author":2,"featured_media":0,"comment_status":"open","ping_status":"open","sticky":false,"template":"","format":"standard","meta":{"_exactmetrics_skip_tracking":false,"_exactmetrics_sitenote_active":false,"_exactmetrics_sitenote_note":"","_exactmetrics_sitenote_category":0,"footnotes":"","_links_to":"","_links_to_target":""},"categories":[1],"tags":[],"class_list":["post-1327","post","type-post","status-publish","format-standard","hentry","category-aktuality"],"_links":{"self":[{"href":"http:\/\/www.andelskahorauchrastavy.cz\/index.php\/wp-json\/wp\/v2\/posts\/1327","targetHints":{"allow":["GET"]}}],"collection":[{"href":"http:\/\/www.andelskahorauchrastavy.cz\/index.php\/wp-json\/wp\/v2\/posts"}],"about":[{"href":"http:\/\/www.andelskahorauchrastavy.cz\/index.php\/wp-json\/wp\/v2\/types\/post"}],"author":[{"embeddable":true,"href":"http:\/\/www.andelskahorauchrastavy.cz\/index.php\/wp-json\/wp\/v2\/users\/2"}],"replies":[{"embeddable":true,"href":"http:\/\/www.andelskahorauchrastavy.cz\/index.php\/wp-json\/wp\/v2\/comments?post=1327"}],"version-history":[{"count":1,"href":"http:\/\/www.andelskahorauchrastavy.cz\/index.php\/wp-json\/wp\/v2\/posts\/1327\/revisions"}],"predecessor-version":[{"id":1330,"href":"http:\/\/www.andelskahorauchrastavy.cz\/index.php\/wp-json\/wp\/v2\/posts\/1327\/revisions\/1330"}],"wp:attachment":[{"href":"http:\/\/www.andelskahorauchrastavy.cz\/index.php\/wp-json\/wp\/v2\/media?parent=1327"}],"wp:term":[{"taxonomy":"category","embeddable":true,"href":"http:\/\/www.andelskahorauchrastavy.cz\/index.php\/wp-json\/wp\/v2\/categories?post=1327"},{"taxonomy":"post_tag","embeddable":true,"href":"http:\/\/www.andelskahorauchrastavy.cz\/index.php\/wp-json\/wp\/v2\/tags?post=1327"}],"curies":[{"name":"wp","href":"https:\/\/api.w.org\/{rel}","templated":true}]}}